{"id":3097,"date":"2026-04-27T15:02:59","date_gmt":"2026-04-27T13:02:59","guid":{"rendered":"https:\/\/www.schanzenbuch.com\/?p=3097"},"modified":"2026-04-27T15:12:46","modified_gmt":"2026-04-27T13:12:46","slug":"keine-kulturfoerderung-mehr-fuer-die-buchhandlung-im-schanzenviertel","status":"publish","type":"post","link":"https:\/\/www.schanzenbuch.com\/?p=3097","title":{"rendered":"Keine Kulturf\u00f6rderung mehr f\u00fcr die Buchhandlung im Schanzenviertel"},"content":{"rendered":"\n<p>Seit Mitte M\u00e4rz wissen wir, dass es bereits im November letzten Jahres eine kleine Anfrage der AfD im Bundestag gab, ob die Buchhandlung im Schanzenviertel Kulturf\u00f6rderung erhalten habe. In der Antwort wird kurz aufgez\u00e4hlt, dass auch wir bereits drei Mal den Buchhandelspreis und Corona Hilfen bekommen haben. Abschlie\u00dfend wird erkl\u00e4rt, dass wegen \u201eder dem Bundesamt f\u00fcr Verfassungsschutz vorliegenden Erkenntnisse, die\u201a Buchhandlung im Schanzenviertel\u2018 keine weiteren Bundesmittel erhalten\u201c wird. [<br \/>Drucksache 21\/2876, Seite 11]<\/p>\n\n\n\n<p><br \/>\u00c4hnlich wie im Fall des vor einigen Wochen verwehrten Buchhandelspreises f\u00fcr drei linke Buchhandlungen, erh\u00e4lt hier der Verfassungsschutz direkten Einfluss auf unabh\u00e4ngige Kulturpolitik. Damit setzte der Staatsminister f\u00fcr Medien und Kultur die Strategie, kulturelle F\u00f6rderung an politische Konformit\u00e4t zu kn\u00fcpfen, seit Amtsantritt unabl\u00e4ssig fort und zerst\u00f6rt damit weiter Vertrauen in die Unabh\u00e4ngigkeit der Kulturpolitik. Wir finden es wichtig, diese Vorg\u00e4nge in einen rechten Kulturkampf einzusortieren, wie er von rechten Medien, der AfD und auch Teilen der aktuellen Bundesregierung gef\u00fchrt wird. Zu diesem Kulturkampf geh\u00f6rt auch, dass wir \u00fcber die eingangs erw\u00e4hnte kleine Anfrage direkt angegriffen werden.<\/p>\n\n\n\n<p><br \/>Wir sind ein linkes Buchladenkollektiv, das im Hamburger Schanzenviertel an zwei Standorten mit unterschiedlicher Schwerpunktsetzung Kinder- und Jugendb\u00fccher, sowie eine Auswahl an politischen Sachb\u00fcchern und Literatur anbietet. Daneben sind wir auch Teil der vielf\u00e4ltigen linken Szene Hamburgs, sind Treffpunkt und Verteilort f\u00fcr Informationen, Veranstaltungen, Plakate und Aufrufe f\u00fcr Demonstrationen und Aktionen. Wir sind auch Postadresse f\u00fcr Gruppen und das Stadtteilzentrum Rote Flora. Diese Rolle als linke Stadtteilbuchhandlung, mit all den darin enthaltenen Widerspr\u00fcchen, ist uns wichtig. Dabei bewirbt das Hamburger Stadtmarketing auf <a href=\"https:\/\/www.hamburg.de\/leben-in-hamburg\/bezirke-hamburg\/stadtteile-bezirk-altona\/sternschanze-371180\">hamburg.de<\/a> die Sternschanze als einen Stadtteil mit \u201eeiner bunten sozialen Mischung\u201c und bebildert diesen Betrag mit einem Foto der Roten Flora.<\/p>\n\n\n\n<p><br \/>Es d\u00fcrfte nicht ganz so zuf\u00e4llig gewesen sein, dass wir im letzten Jahr von der AfD herausgegriffen wurden. Schon letztes Jahr bei der Verleihung des Verlagspreises an linke Verlage wurde mit einer gezielten Medienkampagne massiv Stimmung gegen die Verleihung an einige der pr\u00e4mierten Verlage gemacht. Es ist AfD-Strategie, \u00fcber u.a. kleine Anfragen direkt Initiativen, Vereine, Firmen oder andere zivilgesellschaftliche Projekte heraus- und anzugreifen.<\/p>\n\n\n\n<p><br \/>Dadurch schafft es die AfD schon jetzt, die Bundes- und Landespolitik mitzugestalten, ohne in der Regierungsverantwortung zu sein. Andere Parteien scheinen dies entweder nicht mitzubekommen, oder es ist ihnen egal, wenn sie es nicht sogar begr\u00fc\u00dfen, unterst\u00fctzen und umsetzen. Die Auswirkungen davon sind schon jetzt deutlich sichtbar. Dazu geh\u00f6rten ganz aktuell der Umbau des \u201eDemokratie leben\u201c-Programms und die R\u00fccknahme von F\u00f6rderungszusagen, Eingriffe in Programmgestaltungen oder die ger\u00e4uschlose Wiedereinf\u00fchrung des sog. \u201aRadikalenerlasses\u2018 in Hamburg.<\/p>\n\n\n\n<p><br \/>Wir freuen uns \u00fcber den gro\u00dfen solidarischen Zuspruch, den unsere Kolleg*-innen der betroffenen Buchhandlungen seitdem von so vielen Seiten erfahren haben und weiterhin erhalten.<br \/>Der <a href=\"https:\/\/www.boersenverein.de\/ueber-uns\/aktuelles\/detailseite\/default-7a16c1c4b2e10c18280a22f40198b35f\/\">B\u00f6rsenverein des Deutschen Buchhandels<\/a> hat dazu eine sehr weitgehende Erkl\u00e4rung verfasst und Forderungen gestellt, die auch wir unterst\u00fctzen [2].<\/p>\n\n\n\n<p><br \/>Wichtig finden wir auch die bundesweite Kampagne <a href=\"https:\/\/lesen-hilft.org\/\">\u201eLesen hilft\u201c<\/a> zur Unter-st\u00fctzung unabh\u00e4ngiger Buchhandlungen und freier Buchkultur in Deutschland [3]. Ausgehend von den Vorg\u00e4ngen um die drei Buchhandlungen werden hier Presseartikel, Kampagneninfos oder auch Soliaktionen gesammelt. Von dort wurde auch die Petition \u201e<a href=\"https:\/\/weact.campact.de\/petitions\/kultur-braucht-freiheit-freiheit-braucht-kultur-weimer-muss-weg\">Kultur braucht \u2013 Freiheit \u2013 Freiheit braucht Kultur<\/a>\u201c gestartet, die noch unterst\u00fctzt werden kann [4]<\/p>\n\n\n\n<p><br \/>Um sich dem wachsenden Autoritarismus entgegenzustellen ist uns die St\u00e4rkung von progressivem zivilgesellschaftlichem Engagement und Ange-boten wichtig. Dies wollen und werden wir auch weiterhin machen. Daf\u00fcr braucht es auch eine unabh\u00e4ngige Verlags- und Buchhandelslandschaft.<\/p>\n\n\n\n<p>Das Kollektiv der Buchhandlung im Schanzenviertel<br \/>Hamburg, 28.04.2026<\/p>\n\n\n\n<blockquote class=\"wp-block-quote is-layout-flow wp-block-quote-is-layout-flow\">\n<blockquote class=\"wp-block-quote is-layout-flow wp-block-quote-is-layout-flow\">\n<p><a href=\"https:\/\/www.schanzenbuch.com\/wp-content\/uploads\/2026\/04\/Erklaerung-Schanzenbuchhandlung_27.4.2026.pdf\">Download als pdf.<\/a><\/p>\n<\/blockquote>\n<\/blockquote>\n\n\n\n<p><a href=\"https:\/\/taz.de\/Kulturstaatsminister-im-Kulturkampf\/!6170105&amp;s=andreas%2Bspeit\/\">Artikel in der taz vom 23.4.2026<\/a><\/p>\n\n\n\n<p><\/p>\n","protected":false},"excerpt":{"rendered":"<p>Seit Mitte M\u00e4rz wissen wir, dass es bereits im November letzten Jahres eine kleine Anfrage der AfD im Bundestag gab, ob die Buchhandlung im Schanzenviertel Kulturf\u00f6rderung erhalten habe. In der Antwort wird kurz aufgez\u00e4hlt, dass auch wir bereits drei Mal den Buchhandelspreis und Corona Hilfen bekommen haben. Abschlie\u00dfend wird erkl\u00e4rt, dass wegen \u201eder dem Bundesamt [&hellip;]<\/p>\n","protected":false},"author":2,"featured_media":0,"comment_status":"open","ping_status":"open","sticky":false,"template":"","format":"standard","meta":{"footnotes":""},"categories":[1,6,7],"tags":[],"class_list":["post-3097","post","type-post","status-publish","format-standard","hentry","category-allgemein","category-kinderbuecher-paedagogik","category-literatur-politik"],"_links":{"self":[{"href":"https:\/\/www.schanzenbuch.com\/index.php?rest_route=\/wp\/v2\/posts\/3097","targetHints":{"allow":["GET"]}}],"collection":[{"href":"https:\/\/www.schanzenbuch.com\/index.php?rest_route=\/wp\/v2\/posts"}],"about":[{"href":"https:\/\/www.schanzenbuch.com\/index.php?rest_route=\/wp\/v2\/types\/post"}],"author":[{"embeddable":true,"href":"https:\/\/www.schanzenbuch.com\/index.php?rest_route=\/wp\/v2\/users\/2"}],"replies":[{"embeddable":true,"href":"https:\/\/www.schanzenbuch.com\/index.php?rest_route=%2Fwp%2Fv2%2Fcomments&post=3097"}],"version-history":[{"count":7,"href":"https:\/\/www.schanzenbuch.com\/index.php?rest_route=\/wp\/v2\/posts\/3097\/revisions"}],"predecessor-version":[{"id":3105,"href":"https:\/\/www.schanzenbuch.com\/index.php?rest_route=\/wp\/v2\/posts\/3097\/revisions\/3105"}],"wp:attachment":[{"href":"https:\/\/www.schanzenbuch.com\/index.php?rest_route=%2Fwp%2Fv2%2Fmedia&parent=3097"}],"wp:term":[{"taxonomy":"category","embeddable":true,"href":"https:\/\/www.schanzenbuch.com\/index.php?rest_route=%2Fwp%2Fv2%2Fcategories&post=3097"},{"taxonomy":"post_tag","embeddable":true,"href":"https:\/\/www.schanzenbuch.com\/index.php?rest_route=%2Fwp%2Fv2%2Ftags&post=3097"}],"curies":[{"name":"wp","href":"https:\/\/api.w.org\/{rel}","templated":true}]}}